{"id":1828,"date":"2023-07-27T22:39:06","date_gmt":"2023-07-27T22:39:06","guid":{"rendered":"https:\/\/argentina15.marketingap.com.ar\/?p=1828"},"modified":"2023-09-26T07:31:21","modified_gmt":"2023-09-26T07:31:21","slug":"discursos-y-cosmovisiones-climaticas-argentinas-en-la-asamblea-general-1992-a-2020","status":"publish","type":"post","link":"https:\/\/arg1punto5.com\/index.php\/2023\/07\/27\/discursos-y-cosmovisiones-climaticas-argentinas-en-la-asamblea-general-1992-a-2020\/","title":{"rendered":"Informe de pol\u00edtica N\u00b0 1"},"content":{"rendered":"\n<p>Discursos y cosmovisiones clim\u00e1ticas argentinas en la Asamblea General (1992 a 2020)<\/p>\n\n\n\n<p>Fecha: Diciembre 2020<\/p>\n\n\n\n<p>Tema: Discursos de cambio clim\u00e1tico &#8211; Asamblea General de la ONU.<\/p>\n\n\n\n<p>Autorxs: Maria del Pilar Bueno, Joel Gonzalez, Christopher Kiessiling y Patricio Yamin.<\/p>\n\n\n\n<p>El objetivo del informe de pol\u00edticas es analizar la inclusi\u00f3n del cambio clim\u00e1tico en los discursos de representantes de Argentina en el Debate General de 1992 a 2020, en el contexto de las transformaciones acaecidas en el plano global y regional. A la luz del an\u00e1lisis, surge que la referencia al cambio clim\u00e1tico estuvo vinculada al devenir de las negociaciones internacionales y que fue reconocido m\u00e1s como un t\u00f3pico de pol\u00edtica exterior que de naturaleza dom\u00e9stica hasta tiempos recientes. La inclusi\u00f3n del t\u00f3pico en los discursos argentinos no fue estable hasta 2016. Cabe notar que el principismo es un aspecto com\u00fan de las menciones bajo los gobiernos de N\u00e9stor Kirchner, Cristina Fern\u00e1ndez y Alberto Fern\u00e1ndez, especialmente a trav\u00e9s de las responsabilidades comunes pero diferenciadas. Se evidencia en Fern\u00e1ndez y en Macri la continuidad en correlaciones como los Objetivos de Desarrollo Sostenible y una perspectiva sobre lo colectivo de los esfuerzos para implementar el Acuerdo de Par\u00eds y no s\u00f3lo de los pa\u00edses desarrollados, que fue un fuerte \u00e9nfasis de las gestiones previas, durante la negociaci\u00f3n del Acuerdo.<\/p>\n\n\n\n<p><a href=\"https:\/\/arg1punto5.com\/wp-content\/uploads\/2023\/07\/Informe-de-politica-1.pdf\" target=\"_blank\" rel=\"noreferrer noopener\">Descargar<\/a><\/p>\n","protected":false},"excerpt":{"rendered":"<p>Discursos y cosmovisiones clim\u00e1ticas argentinas en la Asamblea General (1992 a 2020) Fecha: Diciembre 2020 Tema: Discursos de cambio clim\u00e1tico &#8211; Asamblea General de la ONU. Autorxs: Maria del Pilar Bueno, Joel Gonzalez, Christopher Kiessiling y Patricio Yamin. El objetivo del informe de pol\u00edticas es analizar la inclusi\u00f3n del cambio clim\u00e1tico en los discursos de [&hellip;]<\/p>\n","protected":false},"author":1,"featured_media":4860,"comment_status":"open","ping_status":"open","sticky":false,"template":"","format":"standard","meta":{"footnotes":""},"categories":[24,12],"tags":[23,22,20,27],"_links":{"self":[{"href":"https:\/\/arg1punto5.com\/index.php\/wp-json\/wp\/v2\/posts\/1828"}],"collection":[{"href":"https:\/\/arg1punto5.com\/index.php\/wp-json\/wp\/v2\/posts"}],"about":[{"href":"https:\/\/arg1punto5.com\/index.php\/wp-json\/wp\/v2\/types\/post"}],"author":[{"embeddable":true,"href":"https:\/\/arg1punto5.com\/index.php\/wp-json\/wp\/v2\/users\/1"}],"replies":[{"embeddable":true,"href":"https:\/\/arg1punto5.com\/index.php\/wp-json\/wp\/v2\/comments?post=1828"}],"version-history":[{"count":4,"href":"https:\/\/arg1punto5.com\/index.php\/wp-json\/wp\/v2\/posts\/1828\/revisions"}],"predecessor-version":[{"id":4764,"href":"https:\/\/arg1punto5.com\/index.php\/wp-json\/wp\/v2\/posts\/1828\/revisions\/4764"}],"wp:featuredmedia":[{"embeddable":true,"href":"https:\/\/arg1punto5.com\/index.php\/wp-json\/wp\/v2\/media\/4860"}],"wp:attachment":[{"href":"https:\/\/arg1punto5.com\/index.php\/wp-json\/wp\/v2\/media?parent=1828"}],"wp:term":[{"taxonomy":"category","embeddable":true,"href":"https:\/\/arg1punto5.com\/index.php\/wp-json\/wp\/v2\/categories?post=1828"},{"taxonomy":"post_tag","embeddable":true,"href":"https:\/\/arg1punto5.com\/index.php\/wp-json\/wp\/v2\/tags?post=1828"}],"curies":[{"name":"wp","href":"https:\/\/api.w.org\/{rel}","templated":true}]}}