{"id":1843,"date":"2023-07-27T23:07:21","date_gmt":"2023-07-27T23:07:21","guid":{"rendered":"https:\/\/argentina15.marketingap.com.ar\/?p=1843"},"modified":"2023-09-26T07:31:36","modified_gmt":"2023-09-26T07:31:36","slug":"cambio-climatico-en-el-g20-comunicados-de-lideres-y-progreso-bajo-la-presidencia-argentina-2008-2019","status":"publish","type":"post","link":"https:\/\/arg1punto5.com\/index.php\/2023\/07\/27\/cambio-climatico-en-el-g20-comunicados-de-lideres-y-progreso-bajo-la-presidencia-argentina-2008-2019\/","title":{"rendered":"Informe de pol\u00edtica N\u00b0 2"},"content":{"rendered":"\n<p>Cambio clim\u00e1tico en el G20: comunicados de l\u00edderes y progreso bajo la Presidencia argentina (2008-2019)<\/p>\n\n\n\n<p>Fecha: Marzo 2021.<\/p>\n\n\n\n<p>Tema: Cambio clim\u00e1tico &#8211; Grupo de los 20.<\/p>\n\n\n\n<p>Autorxs: Mar\u00eda del Pilar Bueno.<\/p>\n\n\n\n<p>En este breve informe de pol\u00edticas, se analiza la evoluci\u00f3n del cambio clim\u00e1tico como tema de agenda en el G20, considerando su inclusi\u00f3n en las Declaraciones y Comunicados de L\u00edderes, as\u00ed como el tratamiento particular de la tem\u00e1tica en el marco de la Presidencia argentina en 2018. El G20 ha sido un espacio de refuerzo de las negociaciones en la Convenci\u00f3n Marco de Naciones Unidas sobre Cambio Clim\u00e1tico (CMNUCC), motivo por el cual, el tema figura en todos los comunicados y declaraciones de l\u00edderes desde 2008. En dichos documentos tambi\u00e9n pueden rastrearse aspectos claves de discusi\u00f3n como los principios de la CMNUCC, la adaptaci\u00f3n, el financiamiento y la energ\u00eda, entre otros. Sin embargo, ese refuerzo del tema solo redunda en una labor cooperativa y no de compromiso de los pa\u00edses. La Presidencia argentina, con sus propios desaf\u00edos, no modific\u00f3 tales tendencias.<\/p>\n\n\n\n<p><a href=\"https:\/\/arg1punto5.com\/wp-content\/uploads\/2023\/07\/Informe-de-politica-2.pdf\">Descargar<\/a><\/p>\n","protected":false},"excerpt":{"rendered":"<p>Cambio clim\u00e1tico en el G20: comunicados de l\u00edderes y progreso bajo la Presidencia argentina (2008-2019) Fecha: Marzo 2021. Tema: Cambio clim\u00e1tico &#8211; Grupo de los 20. Autorxs: Mar\u00eda del Pilar Bueno. En este breve informe de pol\u00edticas, se analiza la evoluci\u00f3n del cambio clim\u00e1tico como tema de agenda en el G20, considerando su inclusi\u00f3n en [&hellip;]<\/p>\n","protected":false},"author":1,"featured_media":4861,"comment_status":"open","ping_status":"open","sticky":false,"template":"","format":"standard","meta":{"footnotes":""},"categories":[24,12],"tags":[31,20,29,32,28,30],"_links":{"self":[{"href":"https:\/\/arg1punto5.com\/index.php\/wp-json\/wp\/v2\/posts\/1843"}],"collection":[{"href":"https:\/\/arg1punto5.com\/index.php\/wp-json\/wp\/v2\/posts"}],"about":[{"href":"https:\/\/arg1punto5.com\/index.php\/wp-json\/wp\/v2\/types\/post"}],"author":[{"embeddable":true,"href":"https:\/\/arg1punto5.com\/index.php\/wp-json\/wp\/v2\/users\/1"}],"replies":[{"embeddable":true,"href":"https:\/\/arg1punto5.com\/index.php\/wp-json\/wp\/v2\/comments?post=1843"}],"version-history":[{"count":4,"href":"https:\/\/arg1punto5.com\/index.php\/wp-json\/wp\/v2\/posts\/1843\/revisions"}],"predecessor-version":[{"id":4763,"href":"https:\/\/arg1punto5.com\/index.php\/wp-json\/wp\/v2\/posts\/1843\/revisions\/4763"}],"wp:featuredmedia":[{"embeddable":true,"href":"https:\/\/arg1punto5.com\/index.php\/wp-json\/wp\/v2\/media\/4861"}],"wp:attachment":[{"href":"https:\/\/arg1punto5.com\/index.php\/wp-json\/wp\/v2\/media?parent=1843"}],"wp:term":[{"taxonomy":"category","embeddable":true,"href":"https:\/\/arg1punto5.com\/index.php\/wp-json\/wp\/v2\/categories?post=1843"},{"taxonomy":"post_tag","embeddable":true,"href":"https:\/\/arg1punto5.com\/index.php\/wp-json\/wp\/v2\/tags?post=1843"}],"curies":[{"name":"wp","href":"https:\/\/api.w.org\/{rel}","templated":true}]}}