{"id":1848,"date":"2023-07-27T23:13:02","date_gmt":"2023-07-27T23:13:02","guid":{"rendered":"https:\/\/argentina15.marketingap.com.ar\/?p=1848"},"modified":"2023-09-26T07:31:51","modified_gmt":"2023-09-26T07:31:51","slug":"cambio-climatico-en-las-leyes-de-presupuestos-minimos-ambientales-herramientas-de-mitigacion-y-adaptacion-gobernanza-y-financiamiento","status":"publish","type":"post","link":"https:\/\/arg1punto5.com\/index.php\/2023\/07\/27\/cambio-climatico-en-las-leyes-de-presupuestos-minimos-ambientales-herramientas-de-mitigacion-y-adaptacion-gobernanza-y-financiamiento\/","title":{"rendered":"Informe de pol\u00edtica N\u00b0 3"},"content":{"rendered":"\n<p>Cambio Clim\u00e1tico en las leyes de presupuestos m\u00ednimos ambientales: herramientas de mitigaci\u00f3n y adaptaci\u00f3n, gobernanza y financiamiento.<\/p>\n\n\n\n<p>Fecha: Abril 2021<\/p>\n\n\n\n<p>Tema: Cambio clim\u00e1tico &#8211; Pol\u00edtica clim\u00e1tica nacional &#8211; Derecho ambiental.<\/p>\n\n\n\n<p>Autorxs: Agustina Cundari, Marlene Diedrich y Mariano Villares.<\/p>\n\n\n\n<p>En el presente documento se realiza un an\u00e1lisis de las normas de presupuestos m\u00ednimos ambientales, desde una perspectiva del fortalecimiento de la pol\u00edtica clim\u00e1tica en su relaci\u00f3n con el r\u00e9gimen jur\u00eddico nacional, evaluando en detalle los siguientes puntos: establecimiento y\/o fortalecimiento de herramientas de mitigaci\u00f3n y de adaptaci\u00f3n; espacios de gobernanza nacional y fuentes de financiamiento de las normas. Tambi\u00e9n se realizan recomendaciones y sugerencias a las legisladoras y los legisladores nacionales a la hora de sancionar nuevas normas de presupuestos m\u00ednimos ambientales u otras leyes que regulen temas de tal \u00edndole.<\/p>\n\n\n\n<p><a href=\"https:\/\/arg1punto5.com\/wp-content\/uploads\/2023\/07\/Informe-de-politica-3.pdf\" target=\"_blank\" rel=\"noreferrer noopener\">Descargar<\/a><\/p>\n","protected":false},"excerpt":{"rendered":"<p>Cambio Clim\u00e1tico en las leyes de presupuestos m\u00ednimos ambientales: herramientas de mitigaci\u00f3n y adaptaci\u00f3n, gobernanza y financiamiento. Fecha: Abril 2021 Tema: Cambio clim\u00e1tico &#8211; Pol\u00edtica clim\u00e1tica nacional &#8211; Derecho ambiental. Autorxs: Agustina Cundari, Marlene Diedrich y Mariano Villares. En el presente documento se realiza un an\u00e1lisis de las normas de presupuestos m\u00ednimos ambientales, desde una [&hellip;]<\/p>\n","protected":false},"author":1,"featured_media":4862,"comment_status":"open","ping_status":"open","sticky":false,"template":"","format":"standard","meta":{"footnotes":""},"categories":[24,13],"tags":[31,20,35,32,37,36,34],"_links":{"self":[{"href":"https:\/\/arg1punto5.com\/index.php\/wp-json\/wp\/v2\/posts\/1848"}],"collection":[{"href":"https:\/\/arg1punto5.com\/index.php\/wp-json\/wp\/v2\/posts"}],"about":[{"href":"https:\/\/arg1punto5.com\/index.php\/wp-json\/wp\/v2\/types\/post"}],"author":[{"embeddable":true,"href":"https:\/\/arg1punto5.com\/index.php\/wp-json\/wp\/v2\/users\/1"}],"replies":[{"embeddable":true,"href":"https:\/\/arg1punto5.com\/index.php\/wp-json\/wp\/v2\/comments?post=1848"}],"version-history":[{"count":5,"href":"https:\/\/arg1punto5.com\/index.php\/wp-json\/wp\/v2\/posts\/1848\/revisions"}],"predecessor-version":[{"id":4762,"href":"https:\/\/arg1punto5.com\/index.php\/wp-json\/wp\/v2\/posts\/1848\/revisions\/4762"}],"wp:featuredmedia":[{"embeddable":true,"href":"https:\/\/arg1punto5.com\/index.php\/wp-json\/wp\/v2\/media\/4862"}],"wp:attachment":[{"href":"https:\/\/arg1punto5.com\/index.php\/wp-json\/wp\/v2\/media?parent=1848"}],"wp:term":[{"taxonomy":"category","embeddable":true,"href":"https:\/\/arg1punto5.com\/index.php\/wp-json\/wp\/v2\/categories?post=1848"},{"taxonomy":"post_tag","embeddable":true,"href":"https:\/\/arg1punto5.com\/index.php\/wp-json\/wp\/v2\/tags?post=1848"}],"curies":[{"name":"wp","href":"https:\/\/api.w.org\/{rel}","templated":true}]}}