{"id":1868,"date":"2023-07-27T23:35:06","date_gmt":"2023-07-27T23:35:06","guid":{"rendered":"https:\/\/argentina15.marketingap.com.ar\/?p=1868"},"modified":"2023-09-26T07:32:28","modified_gmt":"2023-09-26T07:32:28","slug":"planes-y-normas-climaticas-subnacionales-en-argentina-el-caso-de-santa-fe","status":"publish","type":"post","link":"https:\/\/arg1punto5.com\/index.php\/2023\/07\/27\/planes-y-normas-climaticas-subnacionales-en-argentina-el-caso-de-santa-fe\/","title":{"rendered":"Informe de pol\u00edtica N\u00b0 6"},"content":{"rendered":"\n<p>Planes y normas clim\u00e1ticas subnacionales en Argentina: el caso de Santa Fe.<\/p>\n\n\n\n<p>Fecha: Junio 2021<\/p>\n\n\n\n<p>Tema: Santa Fe &#8211; Pol\u00edtica clim\u00e1tica &#8211; Normas clim\u00e1ticas.<\/p>\n\n\n\n<p>Autorxs: Mar\u00eda del Pilar Bueno, Mar\u00eda Luz Falivene Fern\u00e1ndez y Joel Hern\u00e1n Gonzalez.<br>Apoyo t\u00e9cnico: Susana Zazzarini.<\/p>\n\n\n\n<p>Este informe de pol\u00edtica nro. 6, elaborado por los integrantes del proyecto Argentina 1.5\u00b0C contribuye en la evaluaci\u00f3n de las pol\u00edticas y normativas clim\u00e1ticas subnacionales a la luz de los instrumentos p\u00fablicos disponibles, teniendo en cuenta un conjunto de dimensiones o aspectos en juego. Esto conlleva que las dimensiones evaluadas se ejecuten en sucesivos informes, donde se analizan casos de provincias argentinas, permitiendo alg\u00fan nivel de comparabilidad de las acciones y de los esfuerzos. En este informe, se eval\u00faa el caso de la provincia de Santa Fe. Las dimensiones seleccionadas incluyen: las estructuras burocr\u00e1ticas, el modelo de gobernanza y los procesos participativos de dise\u00f1o de pol\u00edtica, la perspectiva de g\u00e9nero, los instrumentos de pol\u00edtica de adaptaci\u00f3n y de mitigaci\u00f3n y los sistemas de monitoreo existentes. Entre las fuentes consultadas se encuentra la Estrategia Provincial de Cambio Clim\u00e1tico presentada por la gesti\u00f3n de Miguel Lifschitz en 2019, en ausencia de un plan de cambio clim\u00e1tico m\u00e1s actual, y la nueva Ley N.\u00ba 14019 que establece el Marco de Acci\u00f3n Clim\u00e1tica Provincial.<\/p>\n\n\n\n<p><a href=\"https:\/\/arg1punto5.com\/wp-content\/uploads\/2023\/07\/Informe-de-politica-6.pdf\" target=\"_blank\" rel=\"noreferrer noopener\">Descargar<\/a><\/p>\n","protected":false},"excerpt":{"rendered":"<p>Planes y normas clim\u00e1ticas subnacionales en Argentina: el caso de Santa Fe. Fecha: Junio 2021 Tema: Santa Fe &#8211; Pol\u00edtica clim\u00e1tica &#8211; Normas clim\u00e1ticas. Autorxs: Mar\u00eda del Pilar Bueno, Mar\u00eda Luz Falivene Fern\u00e1ndez y Joel Hern\u00e1n Gonzalez.Apoyo t\u00e9cnico: Susana Zazzarini. Este informe de pol\u00edtica nro. 6, elaborado por los integrantes del proyecto Argentina 1.5\u00b0C contribuye [&hellip;]<\/p>\n","protected":false},"author":1,"featured_media":4866,"comment_status":"open","ping_status":"open","sticky":false,"template":"","format":"standard","meta":{"footnotes":""},"categories":[24,14],"tags":[23,20,44,33,43],"_links":{"self":[{"href":"https:\/\/arg1punto5.com\/index.php\/wp-json\/wp\/v2\/posts\/1868"}],"collection":[{"href":"https:\/\/arg1punto5.com\/index.php\/wp-json\/wp\/v2\/posts"}],"about":[{"href":"https:\/\/arg1punto5.com\/index.php\/wp-json\/wp\/v2\/types\/post"}],"author":[{"embeddable":true,"href":"https:\/\/arg1punto5.com\/index.php\/wp-json\/wp\/v2\/users\/1"}],"replies":[{"embeddable":true,"href":"https:\/\/arg1punto5.com\/index.php\/wp-json\/wp\/v2\/comments?post=1868"}],"version-history":[{"count":4,"href":"https:\/\/arg1punto5.com\/index.php\/wp-json\/wp\/v2\/posts\/1868\/revisions"}],"predecessor-version":[{"id":4758,"href":"https:\/\/arg1punto5.com\/index.php\/wp-json\/wp\/v2\/posts\/1868\/revisions\/4758"}],"wp:featuredmedia":[{"embeddable":true,"href":"https:\/\/arg1punto5.com\/index.php\/wp-json\/wp\/v2\/media\/4866"}],"wp:attachment":[{"href":"https:\/\/arg1punto5.com\/index.php\/wp-json\/wp\/v2\/media?parent=1868"}],"wp:term":[{"taxonomy":"category","embeddable":true,"href":"https:\/\/arg1punto5.com\/index.php\/wp-json\/wp\/v2\/categories?post=1868"},{"taxonomy":"post_tag","embeddable":true,"href":"https:\/\/arg1punto5.com\/index.php\/wp-json\/wp\/v2\/tags?post=1868"}],"curies":[{"name":"wp","href":"https:\/\/api.w.org\/{rel}","templated":true}]}}