{"id":1875,"date":"2023-07-27T23:41:00","date_gmt":"2023-07-27T23:41:00","guid":{"rendered":"https:\/\/argentina15.marketingap.com.ar\/?p=1875"},"modified":"2023-09-26T07:32:43","modified_gmt":"2023-09-26T07:32:43","slug":"regulacion-climatica-en-caba-santa-fe-y-tierra-del-fuego-antartida-e-islas-del-atlantico-sur-analisis-comparativo-del-abordaje-normativo-local","status":"publish","type":"post","link":"https:\/\/arg1punto5.com\/index.php\/2023\/07\/27\/regulacion-climatica-en-caba-santa-fe-y-tierra-del-fuego-antartida-e-islas-del-atlantico-sur-analisis-comparativo-del-abordaje-normativo-local\/","title":{"rendered":"Informe de pol\u00edtica N\u00b0 7"},"content":{"rendered":"\n<p>Regulaci\u00f3n clim\u00e1tica en CABA, Santa Fe y Tierra del Fuego, Ant\u00e1rtida e Islas del Atl\u00e1ntico Sur: an\u00e1lisis comparativo del abordaje normativo local.<\/p>\n\n\n\n<p>Fecha: Noviembre 2021<\/p>\n\n\n\n<p>Tema: Ley N\u00b0 27.520 &#8211; Pol\u00edtica clim\u00e1tica Local &#8211; Derecho ambiental.<\/p>\n\n\n\n<p>Autorxs: Agustina Cundari, Marlene Diedrich y Mariano Villares.<\/p>\n\n\n\n<p>El presente documento realiza un an\u00e1lisis comparativo de la normativa vigente para abordar la problem\u00e1tica clim\u00e1tica a nivel local en la Ciudad Aut\u00f3noma de Buenos Aires (CABA) en la provincia de Santa Fe, y en la provincia de Tierra del Fuego, Ant\u00e1rtida e Islas del Atl\u00e1ntico Sur, respecto de su proyecto de ley, evaluando los siguientes puntos: (i) planes de adaptaci\u00f3n y mitigaci\u00f3n al cambio clim\u00e1tico; (ii) espacios de gobernanza y (iii) fuentes de financiamiento. Asimismo, se realizan recomendaciones respecto a la implementaci\u00f3n de la normativa local as\u00ed como sugerencias a tener en cuenta para la sanci\u00f3n de futuras normas provinciales y su reglamentaci\u00f3n, en consonancia con los presupuestos m\u00ednimos establecidos por la legislaci\u00f3n nacional.<\/p>\n\n\n\n<p><a href=\"https:\/\/arg1punto5.com\/wp-content\/uploads\/2023\/07\/Informe-de-politica-7.pdf\" target=\"_blank\" rel=\"noreferrer noopener\">Descargar<\/a><\/p>\n","protected":false},"excerpt":{"rendered":"<p>Regulaci\u00f3n clim\u00e1tica en CABA, Santa Fe y Tierra del Fuego, Ant\u00e1rtida e Islas del Atl\u00e1ntico Sur: an\u00e1lisis comparativo del abordaje normativo local. Fecha: Noviembre 2021 Tema: Ley N\u00b0 27.520 &#8211; Pol\u00edtica clim\u00e1tica Local &#8211; Derecho ambiental. Autorxs: Agustina Cundari, Marlene Diedrich y Mariano Villares. El presente documento realiza un an\u00e1lisis comparativo de la normativa vigente [&hellip;]<\/p>\n","protected":false},"author":1,"featured_media":4867,"comment_status":"open","ping_status":"open","sticky":false,"template":"","format":"standard","meta":{"footnotes":""},"categories":[24,14],"tags":[31,20,35,32,48,36,30,45],"_links":{"self":[{"href":"https:\/\/arg1punto5.com\/index.php\/wp-json\/wp\/v2\/posts\/1875"}],"collection":[{"href":"https:\/\/arg1punto5.com\/index.php\/wp-json\/wp\/v2\/posts"}],"about":[{"href":"https:\/\/arg1punto5.com\/index.php\/wp-json\/wp\/v2\/types\/post"}],"author":[{"embeddable":true,"href":"https:\/\/arg1punto5.com\/index.php\/wp-json\/wp\/v2\/users\/1"}],"replies":[{"embeddable":true,"href":"https:\/\/arg1punto5.com\/index.php\/wp-json\/wp\/v2\/comments?post=1875"}],"version-history":[{"count":4,"href":"https:\/\/arg1punto5.com\/index.php\/wp-json\/wp\/v2\/posts\/1875\/revisions"}],"predecessor-version":[{"id":4757,"href":"https:\/\/arg1punto5.com\/index.php\/wp-json\/wp\/v2\/posts\/1875\/revisions\/4757"}],"wp:featuredmedia":[{"embeddable":true,"href":"https:\/\/arg1punto5.com\/index.php\/wp-json\/wp\/v2\/media\/4867"}],"wp:attachment":[{"href":"https:\/\/arg1punto5.com\/index.php\/wp-json\/wp\/v2\/media?parent=1875"}],"wp:term":[{"taxonomy":"category","embeddable":true,"href":"https:\/\/arg1punto5.com\/index.php\/wp-json\/wp\/v2\/categories?post=1875"},{"taxonomy":"post_tag","embeddable":true,"href":"https:\/\/arg1punto5.com\/index.php\/wp-json\/wp\/v2\/tags?post=1875"}],"curies":[{"name":"wp","href":"https:\/\/api.w.org\/{rel}","templated":true}]}}