{"id":1879,"date":"2023-07-27T23:44:59","date_gmt":"2023-07-27T23:44:59","guid":{"rendered":"https:\/\/argentina15.marketingap.com.ar\/?p=1879"},"modified":"2023-09-26T07:32:58","modified_gmt":"2023-09-26T07:32:58","slug":"breve-informe-sobre-la-integracion-de-la-perspectiva-de-genero-en-los-instrumentos-de-politica-climatica-contribuciones-determinadas-a-nivel-nacional-ndc-y-comunicaciones-de-adaptacion-ca","status":"publish","type":"post","link":"https:\/\/arg1punto5.com\/index.php\/2023\/07\/27\/breve-informe-sobre-la-integracion-de-la-perspectiva-de-genero-en-los-instrumentos-de-politica-climatica-contribuciones-determinadas-a-nivel-nacional-ndc-y-comunicaciones-de-adaptacion-ca\/","title":{"rendered":"Informe de pol\u00edtica N\u00b0 8"},"content":{"rendered":"\n<p>Breve informe sobre la integraci\u00f3n de la perspectiva de g\u00e9nero en los instrumentos de pol\u00edtica clim\u00e1tica: Contribuciones Determinadas a Nivel Nacional (NDC) y Comunicaciones de Adaptaci\u00f3n (CA)<\/p>\n\n\n\n<p>Fecha: Noviembre 2021<\/p>\n\n\n\n<p>Tema: Cambio clim\u00e1tico &#8211; Perspectiva de g\u00e9nero &#8211; Contribuciones nacionalmente determinadas (NDC) &#8211; Comunicaciones de adaptaci\u00f3n (CA).<\/p>\n\n\n\n<p>Autorxs: Antonela Busconi.<\/p>\n\n\n\n<p>Este informe de pol\u00edtica busca evidenciar la evoluci\u00f3n del proceso de transversalizaci\u00f3n de la perspectiva de g\u00e9nero en los instrumentos de pol\u00edtica clim\u00e1tica presentados por Argentina ante la Convenci\u00f3n Marco de Naciones Unidas sobre Cambio Clim\u00e1tico (CMNUCC). En tanto que en el contexto del Acuerdo de Par\u00eds se observan, en particular, las Contribuciones Determinadas a Nivel Nacional (NDC) y las Comunicaciones de Adaptaci\u00f3n (CA).<\/p>\n\n\n\n<p><a href=\"https:\/\/arg1punto5.com\/wp-content\/uploads\/2023\/07\/Informe-de-politica-8.pdf\" target=\"_blank\" rel=\"noreferrer noopener\">Descargar<\/a><\/p>\n","protected":false},"excerpt":{"rendered":"<p>Breve informe sobre la integraci\u00f3n de la perspectiva de g\u00e9nero en los instrumentos de pol\u00edtica clim\u00e1tica: Contribuciones Determinadas a Nivel Nacional (NDC) y Comunicaciones de Adaptaci\u00f3n (CA) Fecha: Noviembre 2021 Tema: Cambio clim\u00e1tico &#8211; Perspectiva de g\u00e9nero &#8211; Contribuciones nacionalmente determinadas (NDC) &#8211; Comunicaciones de adaptaci\u00f3n (CA). Autorxs: Antonela Busconi. Este informe de pol\u00edtica busca [&hellip;]<\/p>\n","protected":false},"author":1,"featured_media":4868,"comment_status":"open","ping_status":"open","sticky":false,"template":"","format":"standard","meta":{"footnotes":""},"categories":[24,13],"tags":[20,52,51,50],"_links":{"self":[{"href":"https:\/\/arg1punto5.com\/index.php\/wp-json\/wp\/v2\/posts\/1879"}],"collection":[{"href":"https:\/\/arg1punto5.com\/index.php\/wp-json\/wp\/v2\/posts"}],"about":[{"href":"https:\/\/arg1punto5.com\/index.php\/wp-json\/wp\/v2\/types\/post"}],"author":[{"embeddable":true,"href":"https:\/\/arg1punto5.com\/index.php\/wp-json\/wp\/v2\/users\/1"}],"replies":[{"embeddable":true,"href":"https:\/\/arg1punto5.com\/index.php\/wp-json\/wp\/v2\/comments?post=1879"}],"version-history":[{"count":4,"href":"https:\/\/arg1punto5.com\/index.php\/wp-json\/wp\/v2\/posts\/1879\/revisions"}],"predecessor-version":[{"id":4756,"href":"https:\/\/arg1punto5.com\/index.php\/wp-json\/wp\/v2\/posts\/1879\/revisions\/4756"}],"wp:featuredmedia":[{"embeddable":true,"href":"https:\/\/arg1punto5.com\/index.php\/wp-json\/wp\/v2\/media\/4868"}],"wp:attachment":[{"href":"https:\/\/arg1punto5.com\/index.php\/wp-json\/wp\/v2\/media?parent=1879"}],"wp:term":[{"taxonomy":"category","embeddable":true,"href":"https:\/\/arg1punto5.com\/index.php\/wp-json\/wp\/v2\/categories?post=1879"},{"taxonomy":"post_tag","embeddable":true,"href":"https:\/\/arg1punto5.com\/index.php\/wp-json\/wp\/v2\/tags?post=1879"}],"curies":[{"name":"wp","href":"https:\/\/api.w.org\/{rel}","templated":true}]}}