{"id":1891,"date":"2023-07-27T23:57:25","date_gmt":"2023-07-27T23:57:25","guid":{"rendered":"https:\/\/argentina15.marketingap.com.ar\/?p=1891"},"modified":"2023-09-26T05:32:07","modified_gmt":"2023-09-26T05:32:07","slug":"evolucion-y-transformaciones-en-las-estructuras-burocraticas-para-el-abordaje-de-la-politica-climatica-argentina-1992-2022","status":"publish","type":"post","link":"https:\/\/arg1punto5.com\/index.php\/2023\/07\/27\/evolucion-y-transformaciones-en-las-estructuras-burocraticas-para-el-abordaje-de-la-politica-climatica-argentina-1992-2022\/","title":{"rendered":"Informe de pol\u00edtica N\u00b0 11"},"content":{"rendered":"\n<p>Evoluci\u00f3n y transformaciones en las estructuras burocr\u00e1ticas para el abordaje de la pol\u00edtica clim\u00e1tica argentina (1992-2022).<\/p>\n\n\n\n<p>Fecha: Febrero 2023<\/p>\n\n\n\n<p>Tema: Cambio clim\u00e1tico &#8211; Pol\u00edtica clim\u00e1tica &#8211; Estructuras burocr\u00e1ticas.<\/p>\n\n\n\n<p>Autorxs: Maria Luz Falivene Fern\u00e1ndez y Christopher Kurt Kiessling.<\/p>\n\n\n\n<p>El objetivo de este informe de pol\u00edticas es analizar la evoluci\u00f3n de las estructuras burocr\u00e1ticas clim\u00e1ticas argentinas en el contexto de las Secretar\u00edas y Ministerios de Ambiente, desde la celebraci\u00f3n de la Cumbre de la Tierra en 1992 y correlativa creaci\u00f3n de estructuras nacionales hasta la actualidad. A la luz del an\u00e1lisis, se sostiene que el contexto internacional junto con las percepciones de los actores dom\u00e9sticos argentinos sobre su relevancia son los dos factores m\u00e1s importantes que dan cuenta de este proceso de consolidaci\u00f3n del cambio clim\u00e1tico como problema de pol\u00edtica p\u00fablica en Argentina.<\/p>\n\n\n\n<p><a href=\"https:\/\/arg1punto5.com\/wp-content\/uploads\/2023\/07\/Informe-de-politica-11.pdf\" target=\"_blank\" rel=\"noreferrer noopener\">Descargar<\/a><\/p>\n","protected":false},"excerpt":{"rendered":"<p>Evoluci\u00f3n y transformaciones en las estructuras burocr\u00e1ticas para el abordaje de la pol\u00edtica clim\u00e1tica argentina (1992-2022). Fecha: Febrero 2023 Tema: Cambio clim\u00e1tico &#8211; Pol\u00edtica clim\u00e1tica &#8211; Estructuras burocr\u00e1ticas. Autorxs: Maria Luz Falivene Fern\u00e1ndez y Christopher Kurt Kiessling. El objetivo de este informe de pol\u00edticas es analizar la evoluci\u00f3n de las estructuras burocr\u00e1ticas clim\u00e1ticas argentinas en [&hellip;]<\/p>\n","protected":false},"author":1,"featured_media":1893,"comment_status":"open","ping_status":"open","sticky":false,"template":"","format":"standard","meta":{"footnotes":""},"categories":[24,13],"tags":[23,20,60,33],"_links":{"self":[{"href":"https:\/\/arg1punto5.com\/index.php\/wp-json\/wp\/v2\/posts\/1891"}],"collection":[{"href":"https:\/\/arg1punto5.com\/index.php\/wp-json\/wp\/v2\/posts"}],"about":[{"href":"https:\/\/arg1punto5.com\/index.php\/wp-json\/wp\/v2\/types\/post"}],"author":[{"embeddable":true,"href":"https:\/\/arg1punto5.com\/index.php\/wp-json\/wp\/v2\/users\/1"}],"replies":[{"embeddable":true,"href":"https:\/\/arg1punto5.com\/index.php\/wp-json\/wp\/v2\/comments?post=1891"}],"version-history":[{"count":5,"href":"https:\/\/arg1punto5.com\/index.php\/wp-json\/wp\/v2\/posts\/1891\/revisions"}],"predecessor-version":[{"id":4753,"href":"https:\/\/arg1punto5.com\/index.php\/wp-json\/wp\/v2\/posts\/1891\/revisions\/4753"}],"wp:featuredmedia":[{"embeddable":true,"href":"https:\/\/arg1punto5.com\/index.php\/wp-json\/wp\/v2\/media\/1893"}],"wp:attachment":[{"href":"https:\/\/arg1punto5.com\/index.php\/wp-json\/wp\/v2\/media?parent=1891"}],"wp:term":[{"taxonomy":"category","embeddable":true,"href":"https:\/\/arg1punto5.com\/index.php\/wp-json\/wp\/v2\/categories?post=1891"},{"taxonomy":"post_tag","embeddable":true,"href":"https:\/\/arg1punto5.com\/index.php\/wp-json\/wp\/v2\/tags?post=1891"}],"curies":[{"name":"wp","href":"https:\/\/api.w.org\/{rel}","templated":true}]}}