{"id":1897,"date":"2023-07-28T00:05:26","date_gmt":"2023-07-28T00:05:26","guid":{"rendered":"https:\/\/argentina15.marketingap.com.ar\/?p=1897"},"modified":"2023-09-26T07:34:19","modified_gmt":"2023-09-26T07:34:19","slug":"el-marco-del-objetivo-mundial-de-adaptacion-como-modo-de-evaluar-el-progreso-y-de-promover-accion-y-apoyo-a-largo-plazo","status":"publish","type":"post","link":"https:\/\/arg1punto5.com\/index.php\/2023\/07\/28\/el-marco-del-objetivo-mundial-de-adaptacion-como-modo-de-evaluar-el-progreso-y-de-promover-accion-y-apoyo-a-largo-plazo\/","title":{"rendered":"Informe t\u00e9cnico N\u00b0 2"},"content":{"rendered":"\n<p>El marco del Objetivo Mundial de Adaptaci\u00f3n como modo de evaluar el progreso y de promover acci\u00f3n y apoyo a largo plazo.<\/p>\n\n\n\n<p>Fecha: Mayo 2023.<\/p>\n\n\n\n<p>Tema: Adaptaci\u00f3n y Objetivo Global de Adaptaci\u00f3n.<\/p>\n\n\n\n<p>Autorxs: Mar\u00eda del Pilar Bueno y Mar\u00eda Luz Falivene Fern\u00e1ndez.<\/p>\n\n\n\n<p>El objetivo de este informe t\u00e9cnico es analizar el estado de situaci\u00f3n respecto al Objetivo Mundial de Adaptaci\u00f3n, incluyendo los resultados obtenidos en la 27 Conferencia de las Partes (COP27) de la Convenci\u00f3n Marco de Naciones Unidas sobre Cambio Clim\u00e1tico en Sharm el-sheikh y proponer opciones de pol\u00edtica claras con vistas a la finalizaci\u00f3n del primer Balance Mundial. Para ello, el informe da cuenta de las vinculaciones entre el Objetivo Mundial de Adaptaci\u00f3n y el Balance Mundial; explicita las posiciones de los grupos y pa\u00edses a trav\u00e9s de sus presentaciones a la Convenci\u00f3n; navega las dimensiones pol\u00edticas y metodol\u00f3gicas que, actualmente, constituyen el meollo de las discusiones sobre adaptaci\u00f3n en el plano colectivo de la arena internacional y, finalmente, construye una opci\u00f3n basada en un marco mixto (abajo a arriba y de arriba a abajo) multinivel del marco (framework) del Objetivo, dando cuenta del proceso que debe seguirse durante este a\u00f1o 2023 y hasta la finalizaci\u00f3n del segundo ciclo de ambici\u00f3n del Balance Mundial (2028).<\/p>\n\n\n\n<p><a href=\"https:\/\/arg1punto5.com\/wp-content\/uploads\/2023\/08\/Informe-de-sintesis-2.pdf\" target=\"_blank\" rel=\"noreferrer noopener\">Descargar<\/a><\/p>\n","protected":false},"excerpt":{"rendered":"<p>El marco del Objetivo Mundial de Adaptaci\u00f3n como modo de evaluar el progreso y de promover acci\u00f3n y apoyo a largo plazo. Fecha: Mayo 2023. Tema: Adaptaci\u00f3n y Objetivo Global de Adaptaci\u00f3n. Autorxs: Mar\u00eda del Pilar Bueno y Mar\u00eda Luz Falivene Fern\u00e1ndez. El objetivo de este informe t\u00e9cnico es analizar el estado de situaci\u00f3n respecto [&hellip;]<\/p>\n","protected":false},"author":1,"featured_media":4872,"comment_status":"open","ping_status":"open","sticky":false,"template":"","format":"standard","meta":{"footnotes":""},"categories":[64,12],"tags":[31,70,69,68],"_links":{"self":[{"href":"https:\/\/arg1punto5.com\/index.php\/wp-json\/wp\/v2\/posts\/1897"}],"collection":[{"href":"https:\/\/arg1punto5.com\/index.php\/wp-json\/wp\/v2\/posts"}],"about":[{"href":"https:\/\/arg1punto5.com\/index.php\/wp-json\/wp\/v2\/types\/post"}],"author":[{"embeddable":true,"href":"https:\/\/arg1punto5.com\/index.php\/wp-json\/wp\/v2\/users\/1"}],"replies":[{"embeddable":true,"href":"https:\/\/arg1punto5.com\/index.php\/wp-json\/wp\/v2\/comments?post=1897"}],"version-history":[{"count":5,"href":"https:\/\/arg1punto5.com\/index.php\/wp-json\/wp\/v2\/posts\/1897\/revisions"}],"predecessor-version":[{"id":4766,"href":"https:\/\/arg1punto5.com\/index.php\/wp-json\/wp\/v2\/posts\/1897\/revisions\/4766"}],"wp:featuredmedia":[{"embeddable":true,"href":"https:\/\/arg1punto5.com\/index.php\/wp-json\/wp\/v2\/media\/4872"}],"wp:attachment":[{"href":"https:\/\/arg1punto5.com\/index.php\/wp-json\/wp\/v2\/media?parent=1897"}],"wp:term":[{"taxonomy":"category","embeddable":true,"href":"https:\/\/arg1punto5.com\/index.php\/wp-json\/wp\/v2\/categories?post=1897"},{"taxonomy":"post_tag","embeddable":true,"href":"https:\/\/arg1punto5.com\/index.php\/wp-json\/wp\/v2\/tags?post=1897"}],"curies":[{"name":"wp","href":"https:\/\/api.w.org\/{rel}","templated":true}]}}