{"id":2834,"date":"2023-08-16T05:52:36","date_gmt":"2023-08-16T05:52:36","guid":{"rendered":"https:\/\/argentina15.marketingap.com.ar\/?p=2834"},"modified":"2023-09-26T05:38:02","modified_gmt":"2023-09-26T05:38:02","slug":"documento-de-posicion-de-organizaciones-de-america-latina-y-el-caribe-hacia-la-cumbre-por-un-nuevo-pacto-global-de-financiamiento","status":"publish","type":"post","link":"https:\/\/arg1punto5.com\/index.php\/2023\/08\/16\/documento-de-posicion-de-organizaciones-de-america-latina-y-el-caribe-hacia-la-cumbre-por-un-nuevo-pacto-global-de-financiamiento\/","title":{"rendered":"Documento de posici\u00f3n de organizaciones de Am\u00e9rica Latina y el Caribe hacia la Cumbre \u201cPor un Nuevo Pacto Global de Financiamiento\u201d"},"content":{"rendered":"\n<p>El cambio clim\u00e1tico es una gran amenaza para Am\u00e9rica Latina y el Caribe (ALC) dada su alta vulnerabilidad. Sin embargo, la capacidad de los pa\u00edses de la regi\u00f3n para hacer frente a sus efectos se ha visto mermada en un contexto de crisis m\u00faltiples sin precedentes, como la crisis de salud, y la crisis econ\u00f3mica, que incrementan la dependencia al financiamiento externo y a la cooperaci\u00f3n internacional. Financiamiento que ha sido distribuido de manera inequitativa y en muchos casos, a trav\u00e9s de instrumentos que limitan la capacidad de los pa\u00edses, como el creciente otorgamiento de pr\u00e9stamos que han aumentado la deuda p\u00fablica. De acuerdo con una publicaci\u00f3n de 2023 del BID (Banco Interamericano de Desarrollo), la deuda de los pa\u00edses de la regi\u00f3n es de alrededor de USD $5.8 billones, que corresponde al 117% del producto interno bruto de la regi\u00f3n.<\/p>\n\n\n\n<p>Descargar documento<\/p>\n","protected":false},"excerpt":{"rendered":"<p>El cambio clim\u00e1tico es una gran amenaza para Am\u00e9rica Latina y el Caribe (ALC) dada su alta vulnerabilidad. Sin embargo, la capacidad de los pa\u00edses de la regi\u00f3n para hacer frente a sus efectos se ha visto mermada en un contexto de crisis m\u00faltiples sin precedentes, como la crisis de salud, y la crisis econ\u00f3mica, [&hellip;]<\/p>\n","protected":false},"author":1,"featured_media":2836,"comment_status":"open","ping_status":"open","sticky":false,"template":"","format":"standard","meta":{"footnotes":""},"categories":[73],"tags":[],"_links":{"self":[{"href":"https:\/\/arg1punto5.com\/index.php\/wp-json\/wp\/v2\/posts\/2834"}],"collection":[{"href":"https:\/\/arg1punto5.com\/index.php\/wp-json\/wp\/v2\/posts"}],"about":[{"href":"https:\/\/arg1punto5.com\/index.php\/wp-json\/wp\/v2\/types\/post"}],"author":[{"embeddable":true,"href":"https:\/\/arg1punto5.com\/index.php\/wp-json\/wp\/v2\/users\/1"}],"replies":[{"embeddable":true,"href":"https:\/\/arg1punto5.com\/index.php\/wp-json\/wp\/v2\/comments?post=2834"}],"version-history":[{"count":4,"href":"https:\/\/arg1punto5.com\/index.php\/wp-json\/wp\/v2\/posts\/2834\/revisions"}],"predecessor-version":[{"id":4769,"href":"https:\/\/arg1punto5.com\/index.php\/wp-json\/wp\/v2\/posts\/2834\/revisions\/4769"}],"wp:featuredmedia":[{"embeddable":true,"href":"https:\/\/arg1punto5.com\/index.php\/wp-json\/wp\/v2\/media\/2836"}],"wp:attachment":[{"href":"https:\/\/arg1punto5.com\/index.php\/wp-json\/wp\/v2\/media?parent=2834"}],"wp:term":[{"taxonomy":"category","embeddable":true,"href":"https:\/\/arg1punto5.com\/index.php\/wp-json\/wp\/v2\/categories?post=2834"},{"taxonomy":"post_tag","embeddable":true,"href":"https:\/\/arg1punto5.com\/index.php\/wp-json\/wp\/v2\/tags?post=2834"}],"curies":[{"name":"wp","href":"https:\/\/api.w.org\/{rel}","templated":true}]}}