{"id":4934,"date":"2024-02-21T21:18:22","date_gmt":"2024-02-21T21:18:22","guid":{"rendered":"https:\/\/arg1punto5.com\/?p=4934"},"modified":"2024-02-21T21:49:29","modified_gmt":"2024-02-21T21:49:29","slug":"discursos-y-cosmovisiones-climaticas-argentinasen-la-asamblea-general-2020-2023","status":"publish","type":"post","link":"https:\/\/arg1punto5.com\/index.php\/2024\/02\/21\/discursos-y-cosmovisiones-climaticas-argentinasen-la-asamblea-general-2020-2023\/","title":{"rendered":"Informe de Pol\u00edtica nro.12"},"content":{"rendered":"\n<p>Discursos y cosmovisiones clim\u00e1ticas argentinas en la Asamblea General (2020-2023)<\/p>\n\n\n\n<p>Autores: Mar\u00eda del Pilar Bueno y Victoria Roc\u00edo Laguzzi<\/p>\n\n\n\n<p>Tema Cambio Clim\u00e1tico &#8211; Asamblea General de Naciones Unidas<\/p>\n\n\n\n<p>Septiembre de 2023<\/p>\n\n\n\n<p>El objetivo de este informe de poli\u0301tica es analizar la inclusio\u0301n del cambio clima\u0301tico en los discursos de representantes de Argentina en el Debate General de 2020 a 2023, en continuidad del an\u00e1lisis realizado para el per\u00edodo 1992 a 2020 en el informe nro. 1.<br>Surge del an\u00e1lisis que Argentina ha mencionado en 17 de 32 discursos el cambio clim\u00e1tico desde 1992 y que existe una continuidad desde 2016 en dicha menci\u00f3n, incluso bajo gestiones de distinto signo pol\u00edtico. Los \u00faltimos cuatro discursos de Alberto Fern\u00e1ndez dan continuidad al principismo de gestiones justicialistas previas a partir de invocar las responsabilidades comunes pero diferenciadas tanto como la justicia social y clim\u00e1tica. Asimismo, refleja una variedad tem\u00e1tica incremental. Si bien se sostiene la tradici\u00f3n de que las menciones al cambio clim\u00e1tico suelen enfocarse en la agenda externa y diplom\u00e1tica de Argentina, el \u00faltimo discurso genera un nuevo puente entre la agenda dom\u00e9stica y los efectos del cambio clim\u00e1tico, espec\u00edficamente se menciona los efectos de la sequ\u00eda en el comercio exterior del pa\u00eds. Existe tambi\u00e9n una importante y sostenida referencia al rol de Am\u00e9rica Latina en la transici\u00f3n energ\u00e9tica y en la seguridad alimentaria a nivel global. Los discursos tambi\u00e9n hacen gala a la tradicional apuesta del pa\u00eds por el multilateralismo como soluci\u00f3n a las m\u00faltiples crisis que vive la humanidad.<\/p>\n\n\n\n<p><a href=\"https:\/\/arg1punto5.com\/wp-content\/uploads\/2024\/02\/ARG-1.5oC-Informe-de-politica-nro.-12.pdf\" data-type=\"link\" data-id=\"https:\/\/arg1punto5.com\/wp-content\/uploads\/2024\/02\/ARG-1.5oC-Informe-de-politica-nro.-12.pdf\">Descargar<\/a><\/p>\n","protected":false},"excerpt":{"rendered":"<p>Discursos y cosmovisiones clim\u00e1ticas argentinas en la Asamblea General (2020-2023) Autores: Mar\u00eda del Pilar Bueno y Victoria Roc\u00edo Laguzzi Tema Cambio Clim\u00e1tico &#8211; Asamblea General de Naciones Unidas Septiembre de 2023 El objetivo de este informe de poli\u0301tica es analizar la inclusio\u0301n del cambio clima\u0301tico en los discursos de representantes de Argentina en el Debate [&hellip;]<\/p>\n","protected":false},"author":1,"featured_media":4932,"comment_status":"open","ping_status":"open","sticky":false,"template":"","format":"standard","meta":{"footnotes":""},"categories":[24,13],"tags":[23,22,20],"_links":{"self":[{"href":"https:\/\/arg1punto5.com\/index.php\/wp-json\/wp\/v2\/posts\/4934"}],"collection":[{"href":"https:\/\/arg1punto5.com\/index.php\/wp-json\/wp\/v2\/posts"}],"about":[{"href":"https:\/\/arg1punto5.com\/index.php\/wp-json\/wp\/v2\/types\/post"}],"author":[{"embeddable":true,"href":"https:\/\/arg1punto5.com\/index.php\/wp-json\/wp\/v2\/users\/1"}],"replies":[{"embeddable":true,"href":"https:\/\/arg1punto5.com\/index.php\/wp-json\/wp\/v2\/comments?post=4934"}],"version-history":[{"count":3,"href":"https:\/\/arg1punto5.com\/index.php\/wp-json\/wp\/v2\/posts\/4934\/revisions"}],"predecessor-version":[{"id":4941,"href":"https:\/\/arg1punto5.com\/index.php\/wp-json\/wp\/v2\/posts\/4934\/revisions\/4941"}],"wp:featuredmedia":[{"embeddable":true,"href":"https:\/\/arg1punto5.com\/index.php\/wp-json\/wp\/v2\/media\/4932"}],"wp:attachment":[{"href":"https:\/\/arg1punto5.com\/index.php\/wp-json\/wp\/v2\/media?parent=4934"}],"wp:term":[{"taxonomy":"category","embeddable":true,"href":"https:\/\/arg1punto5.com\/index.php\/wp-json\/wp\/v2\/categories?post=4934"},{"taxonomy":"post_tag","embeddable":true,"href":"https:\/\/arg1punto5.com\/index.php\/wp-json\/wp\/v2\/tags?post=4934"}],"curies":[{"name":"wp","href":"https:\/\/api.w.org\/{rel}","templated":true}]}}