{"id":4946,"date":"2024-03-02T23:12:25","date_gmt":"2024-03-02T23:12:25","guid":{"rendered":"https:\/\/arg1punto5.com\/?p=4946"},"modified":"2024-03-02T23:12:25","modified_gmt":"2024-03-02T23:12:25","slug":"informe-de-politica-nro-13","status":"publish","type":"post","link":"https:\/\/arg1punto5.com\/index.php\/2024\/03\/02\/informe-de-politica-nro-13\/","title":{"rendered":"Informe de Pol\u00edtica nro.13"},"content":{"rendered":"\n<p>El abordaje del cambio clim\u00e1tico en los discursos presidenciales de apertura de sesiones anuales en el Congreso argentino (2022-2024)<\/p>\n\n\n\n<p>Autores: Pilar Bueno Rubial, Victoria Laguzzi, Marlene Driedrich y Christopher Kiessling<\/p>\n\n\n\n<p>Tema: Cambio clim\u00e1tico &#8211; Congreso Nacional &#8211; Mitigaci\u00f3n &#8211; Adaptaci\u00f3n &#8211; Financiamiento &#8211; Ambiente &#8211; Discusos<\/p>\n\n\n\n<p>Marzo de 2024<\/p>\n\n\n\n<p>Resumen: <\/p>\n\n\n\n<p>El objetivo de este informe es analizar los discursos presidenciales presentados en la inauguraci\u00f3n de sesiones ordinarias ante el Congreso de la Naci\u00f3n Argentina desde 2022 a 2024. Recuperando el an\u00e1lisis realizado en el marco del Informe de Pol\u00edtica nro. 4 de Argentina 1.5\u00b0C, se realiza un relevamiento del abordaje del cambio clim\u00e1tico en los discursos de Alberto Fernandez (2022 y 2023) y Javier Milei (2024), considerando la evoluci\u00f3n de la importancia del tema, su contexto, las tem\u00e1ticas y los procesos asociados. En una segunda instancia, se realiza un an\u00e1lisis de frecuencia de 1992 a 2024 que se aplica al cambio clim\u00e1tico y a las tem\u00e1ticas ambientales. Finalmente, se analiza la construcci\u00f3n discursiva del cambio clim\u00e1tico como tema de pol\u00edtica dom\u00e9stica y exterior.&nbsp;<\/p>\n\n\n\n<p>Si bien Argentina ha dado pasos significativos hacia una mayor madurez institucional en materia ambiental y clim\u00e1tica a trav\u00e9s de instrumentos de pol\u00edtica, normativos y de gobernanza que los\/as presidentes\/as mencionan en sus discursos, la ausencia del tema -esperada aunque no deseada- en el discurso de Javier Milei es un s\u00edntoma del retroceso institucional que inici\u00f3 con la eliminaci\u00f3n de estructuras burocr\u00e1ticas como el Ministerio de Ambiente a partir de diciembre de 2023.\u00a0\u00a0<\/p>\n\n\n\n<p><a href=\"https:\/\/arg1punto5.com\/wp-content\/uploads\/2024\/03\/Informe-de-Politica-ARG-1.5.-nro13.pdf.pdf\" data-type=\"link\" data-id=\"https:\/\/arg1punto5.com\/wp-content\/uploads\/2024\/03\/Informe-de-Politica-ARG-1.5.-nro13.pdf.pdf\">Descargar<\/a><\/p>\n","protected":false},"excerpt":{"rendered":"<p>El abordaje del cambio clim\u00e1tico en los discursos presidenciales de apertura de sesiones anuales en el Congreso argentino (2022-2024) Autores: Pilar Bueno Rubial, Victoria Laguzzi, Marlene Driedrich y Christopher Kiessling Tema: Cambio clim\u00e1tico &#8211; Congreso Nacional &#8211; Mitigaci\u00f3n &#8211; Adaptaci\u00f3n &#8211; Financiamiento &#8211; Ambiente &#8211; Discusos Marzo de 2024 Resumen: El objetivo de este informe [&hellip;]<\/p>\n","protected":false},"author":1,"featured_media":4944,"comment_status":"open","ping_status":"open","sticky":false,"template":"","format":"standard","meta":{"footnotes":""},"categories":[24,13],"tags":[31,23,20,39,38,32,36,30],"_links":{"self":[{"href":"https:\/\/arg1punto5.com\/index.php\/wp-json\/wp\/v2\/posts\/4946"}],"collection":[{"href":"https:\/\/arg1punto5.com\/index.php\/wp-json\/wp\/v2\/posts"}],"about":[{"href":"https:\/\/arg1punto5.com\/index.php\/wp-json\/wp\/v2\/types\/post"}],"author":[{"embeddable":true,"href":"https:\/\/arg1punto5.com\/index.php\/wp-json\/wp\/v2\/users\/1"}],"replies":[{"embeddable":true,"href":"https:\/\/arg1punto5.com\/index.php\/wp-json\/wp\/v2\/comments?post=4946"}],"version-history":[{"count":1,"href":"https:\/\/arg1punto5.com\/index.php\/wp-json\/wp\/v2\/posts\/4946\/revisions"}],"predecessor-version":[{"id":4947,"href":"https:\/\/arg1punto5.com\/index.php\/wp-json\/wp\/v2\/posts\/4946\/revisions\/4947"}],"wp:featuredmedia":[{"embeddable":true,"href":"https:\/\/arg1punto5.com\/index.php\/wp-json\/wp\/v2\/media\/4944"}],"wp:attachment":[{"href":"https:\/\/arg1punto5.com\/index.php\/wp-json\/wp\/v2\/media?parent=4946"}],"wp:term":[{"taxonomy":"category","embeddable":true,"href":"https:\/\/arg1punto5.com\/index.php\/wp-json\/wp\/v2\/categories?post=4946"},{"taxonomy":"post_tag","embeddable":true,"href":"https:\/\/arg1punto5.com\/index.php\/wp-json\/wp\/v2\/tags?post=4946"}],"curies":[{"name":"wp","href":"https:\/\/api.w.org\/{rel}","templated":true}]}}