{"id":5038,"date":"2025-04-16T21:30:56","date_gmt":"2025-04-16T21:30:56","guid":{"rendered":"https:\/\/arg1punto5.com\/?p=5038"},"modified":"2025-04-16T22:04:21","modified_gmt":"2025-04-16T22:04:21","slug":"informe-de-politica-nro-16","status":"publish","type":"post","link":"https:\/\/arg1punto5.com\/index.php\/2025\/04\/16\/informe-de-politica-nro-16\/","title":{"rendered":"Informe de Pol\u00edtica nro. 16"},"content":{"rendered":"\n<p><strong>An\u00e1lisis de la importancia de la transparencia clim\u00e1tica y la transici\u00f3n entre sistemas de reportes: del Informe Bienal de Actualizaci\u00f3n al Informe Bienal de Transparencia<\/strong><\/p>\n\n\n\n<p>Autora: <em>Mar\u00eda<\/em> <em>Lourdes<\/em> <em>Manrique<\/em><\/p>\n\n\n\n<p>Colaboradora: <em>Agustina<\/em> <em>Cundari<\/em><\/p>\n\n\n\n<p>Tema Marco Reforzado de Transparencia &#8211; Monitoreo, reporte y verificaci\u00f3n (MRV)<\/p>\n\n\n\n<p>Abril de 2025<\/p>\n\n\n\n<p><strong>Resumen<\/strong>: <\/p>\n\n\n\n<p>Bajo la Convenci\u00f3n y el Acuerdo de Par\u00eds, los pa\u00edses reportan informaci\u00f3n sobre sus esfuerzos clim\u00e1ticos siguiendo el principio de Responsabilidades Comunes pero Diferenciadas. En la Convenci\u00f3n, los pa\u00edses desarrollados (Anexo I) presentan reportes m\u00e1s frecuentes y detallados que los pa\u00edses en desarrollo (No Anexo I). El Acuerdo de Par\u00eds introduce el Marco de Transparencia Reforzado (ETF), que unifica criterios con los Informes Bienales de Transparencia (IBT), aunque con flexibilidades para pa\u00edses en desarrollo. Se transita de un sistema bifurcado a uno \u00fanico que considera diferentes capacidades nacionales.<\/p>\n\n\n\n<p>El primer IBT deb\u00eda presentarse en diciembre de 2024, pero solo el 43% de los pa\u00edses cumpli\u00f3, evidenciando los desaf\u00edos de transici\u00f3n. La transparencia es clave para evaluar avances y ajustar estrategias clim\u00e1ticas a nivel nacional y global, y fortalecer la legitimidad internacional y facilitar el acceso a financiamiento y cooperaci\u00f3n. La rendici\u00f3n de cuentas a trav\u00e9s de estos informes es esencial para el \u00e9xito del proceso multilateral en la lucha contra el cambio clim\u00e1tico.<\/p>\n\n\n\n<p><a href=\"https:\/\/arg1punto5.com\/wp-content\/uploads\/2025\/04\/PB-16-Transparencia-BTR_abril2025.pdf\" data-type=\"link\" data-id=\"https:\/\/arg1punto5.com\/wp-content\/uploads\/2024\/09\/ARG-1.5oC-Informe-de-Politica-nro.-14.pdf\">Descargar<\/a><\/p>\n","protected":false},"excerpt":{"rendered":"<p>An\u00e1lisis de la importancia de la transparencia clim\u00e1tica y la transici\u00f3n entre sistemas de reportes: del Informe Bienal de Actualizaci\u00f3n al Informe Bienal de Transparencia Autora: Mar\u00eda Lourdes Manrique Colaboradora: Agustina Cundari Tema Marco Reforzado de Transparencia &#8211; Monitoreo, reporte y verificaci\u00f3n (MRV) Abril de 2025 Resumen: Bajo la Convenci\u00f3n y el Acuerdo de Par\u00eds, [&hellip;]<\/p>\n","protected":false},"author":1,"featured_media":5048,"comment_status":"closed","ping_status":"open","sticky":false,"template":"elementor_theme","format":"standard","meta":{"footnotes":""},"categories":[19,24,12],"tags":[81,82,57,80,83],"_links":{"self":[{"href":"https:\/\/arg1punto5.com\/index.php\/wp-json\/wp\/v2\/posts\/5038"}],"collection":[{"href":"https:\/\/arg1punto5.com\/index.php\/wp-json\/wp\/v2\/posts"}],"about":[{"href":"https:\/\/arg1punto5.com\/index.php\/wp-json\/wp\/v2\/types\/post"}],"author":[{"embeddable":true,"href":"https:\/\/arg1punto5.com\/index.php\/wp-json\/wp\/v2\/users\/1"}],"replies":[{"embeddable":true,"href":"https:\/\/arg1punto5.com\/index.php\/wp-json\/wp\/v2\/comments?post=5038"}],"version-history":[{"count":5,"href":"https:\/\/arg1punto5.com\/index.php\/wp-json\/wp\/v2\/posts\/5038\/revisions"}],"predecessor-version":[{"id":5043,"href":"https:\/\/arg1punto5.com\/index.php\/wp-json\/wp\/v2\/posts\/5038\/revisions\/5043"}],"wp:featuredmedia":[{"embeddable":true,"href":"https:\/\/arg1punto5.com\/index.php\/wp-json\/wp\/v2\/media\/5048"}],"wp:attachment":[{"href":"https:\/\/arg1punto5.com\/index.php\/wp-json\/wp\/v2\/media?parent=5038"}],"wp:term":[{"taxonomy":"category","embeddable":true,"href":"https:\/\/arg1punto5.com\/index.php\/wp-json\/wp\/v2\/categories?post=5038"},{"taxonomy":"post_tag","embeddable":true,"href":"https:\/\/arg1punto5.com\/index.php\/wp-json\/wp\/v2\/tags?post=5038"}],"curies":[{"name":"wp","href":"https:\/\/api.w.org\/{rel}","templated":true}]}}